{"id":37,"date":"2026-01-15T12:39:05","date_gmt":"2026-01-15T12:39:05","guid":{"rendered":"https:\/\/valtertuzlanski.ba\/?p=37"},"modified":"2026-01-15T12:39:05","modified_gmt":"2026-01-15T12:39:05","slug":"dan-vozaca-obiljezen-velikom-paradom-u-tuzli","status":"publish","type":"post","link":"https:\/\/valtertuzlanski.ba\/index.php\/2026\/01\/15\/dan-vozaca-obiljezen-velikom-paradom-u-tuzli\/","title":{"rendered":"Dan voza\u010da obilje\u017een velikom paradom u Tuzli"},"content":{"rendered":"\n<p><strong>Tuzla je tradicionalno obilje\u017eila Dan voza\u010da i automehani\u010dara velikom paradom vozila kroz grad. Ovaj dan se obilje\u017eava od 1960. godine, kada je Josip Broz Tito postao po\u010dasni \u010dlan Saveza voza\u010da Jugoslavije, a Tuzla je sa\u010duvala tu tradiciju.<\/strong><\/p>\n\n\n\n<p>U paradi su sudjelovali voza\u010di autobusa, kamiona, kola hitne pomo\u0107i, vatrogasnih vozila, taksisti i komunalnih vozila koji svoj posao obavljaju svakodnevno, ovisno o godi\u0161njem dobu, po ki\u0161i, snijegu i vru\u0107ini.<\/p>\n\n\n\n<figure class=\"wp-block-image size-large\"><img loading=\"lazy\" decoding=\"async\" width=\"1024\" height=\"768\" src=\"https:\/\/valtertuzlanski.ba\/wp-content\/uploads\/2026\/01\/u-tuzli-velikim-defileom-obiljezen-dan-vozaca-viber-slika-2026-01-15-10-35-03-061_6968b5fb76972-1024x768.jpg\" alt=\"\" class=\"wp-image-39\" srcset=\"https:\/\/valtertuzlanski.ba\/wp-content\/uploads\/2026\/01\/u-tuzli-velikim-defileom-obiljezen-dan-vozaca-viber-slika-2026-01-15-10-35-03-061_6968b5fb76972-1024x768.jpg 1024w, https:\/\/valtertuzlanski.ba\/wp-content\/uploads\/2026\/01\/u-tuzli-velikim-defileom-obiljezen-dan-vozaca-viber-slika-2026-01-15-10-35-03-061_6968b5fb76972-300x225.jpg 300w, https:\/\/valtertuzlanski.ba\/wp-content\/uploads\/2026\/01\/u-tuzli-velikim-defileom-obiljezen-dan-vozaca-viber-slika-2026-01-15-10-35-03-061_6968b5fb76972-768x576.jpg 768w, https:\/\/valtertuzlanski.ba\/wp-content\/uploads\/2026\/01\/u-tuzli-velikim-defileom-obiljezen-dan-vozaca-viber-slika-2026-01-15-10-35-03-061_6968b5fb76972.jpg 1440w\" sizes=\"auto, (max-width: 1024px) 100vw, 1024px\" \/><\/figure>\n\n\n\n<p>Ovaj dan okuplja voza\u010de i automehani\u010dare razli\u010ditih profila &#8211; od profesionalnih voza\u010da u javnom prijevozu i kamionskom prijevozu, do onih koji brinu o tehni\u010dkoj ispravnosti i odr\u017eavanju vozila. To su zanimanja \u010dija je va\u017enost \u010desto neprimjetna, ali klju\u010dna za svakodnevni \u017eivot zajednice.<\/p>\n\n\n\n<p>U sklopu dana\u0161nje proslave, parada je krenula u 10 sati s autobusnog kolodvora GIPS-a Tuzla, zatim je nastavila ju\u017enom cestom do Br\u010danske Malte, pa Titovom ulicom, ulicom Slavka Mi\u010di\u0107a i Skojevskom ulicom, nakon \u010dega se kolona vratila u autobusni kolodvor. Parada je privukla pa\u017enju gra\u0111ana i simboli\u010dno ukazala na va\u017enost voza\u010da i automehani\u010dara u svakodnevnom \u017eivotu Tuzle.<\/p>\n\n\n\n<p>Valtertuzlanski.ba\/(Vijesti.ba)<\/p>\n","protected":false},"excerpt":{"rendered":"<p>Tuzla je tradicionalno obilje\u017eila Dan voza\u010da i automehani\u010dara velikom paradom vozila kroz grad. Ovaj dan se obilje\u017eava od 1960. godine, kada je Josip Broz Tito postao po\u010dasni \u010dlan Saveza voza\u010da&hellip;<\/p>\n","protected":false},"author":1,"featured_media":38,"comment_status":"open","ping_status":"open","sticky":false,"template":"","format":"standard","meta":{"footnotes":""},"categories":[5],"tags":[],"class_list":["post-37","post","type-post","status-publish","format-standard","has-post-thumbnail","hentry","category-tuzla"],"_links":{"self":[{"href":"https:\/\/valtertuzlanski.ba\/index.php\/wp-json\/wp\/v2\/posts\/37","targetHints":{"allow":["GET"]}}],"collection":[{"href":"https:\/\/valtertuzlanski.ba\/index.php\/wp-json\/wp\/v2\/posts"}],"about":[{"href":"https:\/\/valtertuzlanski.ba\/index.php\/wp-json\/wp\/v2\/types\/post"}],"author":[{"embeddable":true,"href":"https:\/\/valtertuzlanski.ba\/index.php\/wp-json\/wp\/v2\/users\/1"}],"replies":[{"embeddable":true,"href":"https:\/\/valtertuzlanski.ba\/index.php\/wp-json\/wp\/v2\/comments?post=37"}],"version-history":[{"count":1,"href":"https:\/\/valtertuzlanski.ba\/index.php\/wp-json\/wp\/v2\/posts\/37\/revisions"}],"predecessor-version":[{"id":40,"href":"https:\/\/valtertuzlanski.ba\/index.php\/wp-json\/wp\/v2\/posts\/37\/revisions\/40"}],"wp:featuredmedia":[{"embeddable":true,"href":"https:\/\/valtertuzlanski.ba\/index.php\/wp-json\/wp\/v2\/media\/38"}],"wp:attachment":[{"href":"https:\/\/valtertuzlanski.ba\/index.php\/wp-json\/wp\/v2\/media?parent=37"}],"wp:term":[{"taxonomy":"category","embeddable":true,"href":"https:\/\/valtertuzlanski.ba\/index.php\/wp-json\/wp\/v2\/categories?post=37"},{"taxonomy":"post_tag","embeddable":true,"href":"https:\/\/valtertuzlanski.ba\/index.php\/wp-json\/wp\/v2\/tags?post=37"}],"curies":[{"name":"wp","href":"https:\/\/api.w.org\/{rel}","templated":true}]}}