{"id":53,"date":"2026-03-18T21:49:12","date_gmt":"2026-03-18T21:49:12","guid":{"rendered":"https:\/\/valtertuzlanski.ba\/?p=53"},"modified":"2026-03-18T21:59:34","modified_gmt":"2026-03-18T21:59:34","slug":"df-podrzao-mostarsku-deklaraciju-o-gradjanskoj-bih","status":"publish","type":"post","link":"https:\/\/valtertuzlanski.ba\/index.php\/2026\/03\/18\/df-podrzao-mostarsku-deklaraciju-o-gradjanskoj-bih\/","title":{"rendered":"DF podr\u017eao Mostarsku deklaraciju o gra\u0111anskoj BiH"},"content":{"rendered":"\n<p>&nbsp;Demokratska fronta sna\u017eno podr\u017eava nedavno donesenu Mostarsku deklaraciju koju su sa\u010dinili Forum Neretva i Udruga nezavisnih intelektualaca Krug 99, smatraju\u0107i ovaj va\u017enim dokument konkretnim izrazom aktivnosti nevladinog sektora u promociji onih vrijednosti koje trebaju biti dio javnih politika svih politi\u010dkih stranaka koje \u017eele modernu i demokratsku dr\u017eavu Bosnu i Hercegovinu.<\/p>\n\n\n\n<p>&#8220;U tom pogledu, najzna\u010dajniji dijelovi Mostarske deklaracije, kao \u0161to su stavovi o pravu svakog gra\u0111anina da jednako konzumira aktivno i pasivno bira\u010dko pravo, odnosno da bira i bude biran na sve javne funkcije u dr\u017eavi, zatim obavezu provo\u0111enja svih presuda Europskog suda za ljudska prava posebno onih koje se<br>odnose na reformu ustava i izbornog zakonodavstva, te odbacivanje narativa o \u201elegitimnom predstavljanju naroda\u201c i etni\u010dkim podjelama, \u010dime se direktno negira demokratska reprezentacija gra\u0111ana i time u cijelosti. podriva demokratija u Bosni i Hercegovini\u201c, re\u010deno je u saop\u0107enju Demokratske fronte.<\/p>\n\n\n\n<p>Dodaju: &#8220;Sa svoje strane, Demokratska fronta podr\u0161kom Mostarskoj deklaraciji izra\u017eava svoj dugogodi\u0161nji, kontinuirani, politi\u010dki stav okrenut ka izgradnji funkcionalne i demokratski ure\u0111ene gra\u0111anske dr\u017eave, ta\u010dnije dr\u017eave zasnovane na jednakopravnosti svih gra\u0111ana Bosne i Hercegovine, kao va\u017ean izraz standarda i<br>vrijednosti koje \u0107e biti potrebne za ulazak u \u010dlanstvo Europske unije i NATO saveza&#8221;.<\/p>\n\n\n\n<p>Svim navodnim \u201e\u0161ampionima\u201c europskih integracija \u017eelimo jasno poru\u010diti, a Mostarskoj deklaraciji nedvojbeno potvr\u0111ujemo da su nositelji dr\u017eavnog suvereniteta svi gra\u0111ani. Bosne i Hercegovine, koji jedini imaju pravo odlu\u010divanja o svim pitanjima koja se ti\u010du \u200b\u200bdr\u017eave Bosne i Hercegovine. Etni\u010dke politike i etni\u010dki organiziran politi\u010dki sistem u Bosni i Hercegovini je incidentan jer kontinuirano proizvodi etni\u010dke utemeljene tenzije \u0161to zahtjeva promjenu putem ustavne reforme koja nam se predvi\u0111a\u201d, poru\u010dili su iz DF-a.<\/p>\n","protected":false},"excerpt":{"rendered":"<p>&nbsp;Demokratska fronta sna\u017eno podr\u017eava nedavno donesenu Mostarsku deklaraciju koju su sa\u010dinili Forum Neretva i Udruga nezavisnih intelektualaca Krug 99, smatraju\u0107i ovaj va\u017enim dokument konkretnim izrazom aktivnosti nevladinog sektora u promociji&hellip;<\/p>\n","protected":false},"author":1,"featured_media":56,"comment_status":"closed","ping_status":"open","sticky":false,"template":"","format":"standard","meta":{"footnotes":""},"categories":[7],"tags":[14,13,15],"class_list":["post-53","post","type-post","status-publish","format-standard","has-post-thumbnail","hentry","category-stranke","tag-bih","tag-df","tag-gradjanska-drzava"],"_links":{"self":[{"href":"https:\/\/valtertuzlanski.ba\/index.php\/wp-json\/wp\/v2\/posts\/53","targetHints":{"allow":["GET"]}}],"collection":[{"href":"https:\/\/valtertuzlanski.ba\/index.php\/wp-json\/wp\/v2\/posts"}],"about":[{"href":"https:\/\/valtertuzlanski.ba\/index.php\/wp-json\/wp\/v2\/types\/post"}],"author":[{"embeddable":true,"href":"https:\/\/valtertuzlanski.ba\/index.php\/wp-json\/wp\/v2\/users\/1"}],"replies":[{"embeddable":true,"href":"https:\/\/valtertuzlanski.ba\/index.php\/wp-json\/wp\/v2\/comments?post=53"}],"version-history":[{"count":1,"href":"https:\/\/valtertuzlanski.ba\/index.php\/wp-json\/wp\/v2\/posts\/53\/revisions"}],"predecessor-version":[{"id":55,"href":"https:\/\/valtertuzlanski.ba\/index.php\/wp-json\/wp\/v2\/posts\/53\/revisions\/55"}],"wp:featuredmedia":[{"embeddable":true,"href":"https:\/\/valtertuzlanski.ba\/index.php\/wp-json\/wp\/v2\/media\/56"}],"wp:attachment":[{"href":"https:\/\/valtertuzlanski.ba\/index.php\/wp-json\/wp\/v2\/media?parent=53"}],"wp:term":[{"taxonomy":"category","embeddable":true,"href":"https:\/\/valtertuzlanski.ba\/index.php\/wp-json\/wp\/v2\/categories?post=53"},{"taxonomy":"post_tag","embeddable":true,"href":"https:\/\/valtertuzlanski.ba\/index.php\/wp-json\/wp\/v2\/tags?post=53"}],"curies":[{"name":"wp","href":"https:\/\/api.w.org\/{rel}","templated":true}]}}