{"id":57,"date":"2026-03-18T22:04:37","date_gmt":"2026-03-18T22:04:37","guid":{"rendered":"https:\/\/valtertuzlanski.ba\/?p=57"},"modified":"2026-03-18T22:04:38","modified_gmt":"2026-03-18T22:04:38","slug":"becirovic-s-ginkelom-o-energetskim-projektima-reformskim-procesima-i-drzavnoj-imovini","status":"publish","type":"post","link":"https:\/\/valtertuzlanski.ba\/index.php\/2026\/03\/18\/becirovic-s-ginkelom-o-energetskim-projektima-reformskim-procesima-i-drzavnoj-imovini\/","title":{"rendered":"Be\u0107irovi\u0107 s Ginkelom o energetskim projektima, reformskim procesima i dr\u017eavnoj imovini"},"content":{"rendered":"\n<p>Predsjedavaju\u0107i Ambasade BiH Denis Be\u0107irovi\u0107 odr\u017eao je dana\u0161nji sastanak s upravnikom poslova Sjedinjenih Ameri\u010dkih Dr\u017eava (SAD) u Bosni i Hercegovini Johnom Ginkelom.<\/p>\n\n\n\n<p>Predsjedavaju\u0107i Predsjedni\u0161tva BiH Denis Be\u0107irovi\u0107 odr\u017eao je danas sastanak s upravnikom Ambasade Sjedinjenih Ameri\u010dkih Dr\u017eava (SAD) u Bosni i Hercegovini Johnom Ginkelom.<\/p>\n\n\n\n<p>Be\u0107irovi\u0107 je potvrdio va\u017enost nastavka suradnje Bosne i Hercegovine i SAD-a, posebno u kontekstu ekonomskih i energetskih projekata, podr\u0161ke reformskim procesima, ja\u010danja institucija i o\u010duvanja stabilnosti dr\u017eave.<\/p>\n\n\n\n<p>Rekao je da projekt Ju\u017ene plinske interkonekcije predstavlja jedan od klju\u010dnih strate\u0161kih prioriteta dr\u017eave Bosne i Hercegovine, nagla\u0161avaju\u0107i njegov zna\u010daj za ja\u010danje energetske sigurnosti, diverzifikaciju izvora snabdijevanja i ukupnu otpornost dr\u017eave.<\/p>\n\n\n\n<p>Govore\u0107i o pitanju dr\u017eavne imovine, Be\u0107irovi\u0107 je naglasio da je isklju\u010diva nadle\u017enost dr\u017eave Bosne i Hercegovine da putem svojih institucija ure\u0111uje sva pitanja koja su vezana za ovu imovinu, u skladu s kona\u010dnim i obavezuju\u0107im odlukama Ustavnog suda BiH.<\/p>\n\n\n\n<p>Dodao je da dr\u017eavna imovina predstavlja sastavni dio ustavnih obilje\u017eja i kompetencija dr\u017eave, te da odra\u017eava njezinu dr\u017eavnost, suverenitet i teritorijalni integritet. Zbog toga je ure\u0111enje dr\u017eavne imovine isklju\u010divo pravo dr\u017eave Bosne i Hercegovine.<\/p>\n\n\n\n<p>Otpravnik poslova Ginkel ponovio je \u010dvrstu podr\u0161ku SAD-a nezavisnosti, suverenitetu i teritorijalnom integritetu Bosne i Hercegovine, naglasiv\u0161i da \u0107e SAD nastaviti podr\u017eavati multietni\u010dku Bosnu i Hercegovinu.<\/p>\n","protected":false},"excerpt":{"rendered":"<p>Predsjedavaju\u0107i Ambasade BiH Denis Be\u0107irovi\u0107 odr\u017eao je dana\u0161nji sastanak s upravnikom poslova Sjedinjenih Ameri\u010dkih Dr\u017eava (SAD) u Bosni i Hercegovini Johnom Ginkelom. Predsjedavaju\u0107i Predsjedni\u0161tva BiH Denis Be\u0107irovi\u0107 odr\u017eao je danas&hellip;<\/p>\n","protected":false},"author":1,"featured_media":59,"comment_status":"closed","ping_status":"open","sticky":false,"template":"","format":"standard","meta":{"footnotes":""},"categories":[3],"tags":[],"class_list":["post-57","post","type-post","status-publish","format-standard","has-post-thumbnail","hentry","category-bih"],"_links":{"self":[{"href":"https:\/\/valtertuzlanski.ba\/index.php\/wp-json\/wp\/v2\/posts\/57","targetHints":{"allow":["GET"]}}],"collection":[{"href":"https:\/\/valtertuzlanski.ba\/index.php\/wp-json\/wp\/v2\/posts"}],"about":[{"href":"https:\/\/valtertuzlanski.ba\/index.php\/wp-json\/wp\/v2\/types\/post"}],"author":[{"embeddable":true,"href":"https:\/\/valtertuzlanski.ba\/index.php\/wp-json\/wp\/v2\/users\/1"}],"replies":[{"embeddable":true,"href":"https:\/\/valtertuzlanski.ba\/index.php\/wp-json\/wp\/v2\/comments?post=57"}],"version-history":[{"count":1,"href":"https:\/\/valtertuzlanski.ba\/index.php\/wp-json\/wp\/v2\/posts\/57\/revisions"}],"predecessor-version":[{"id":60,"href":"https:\/\/valtertuzlanski.ba\/index.php\/wp-json\/wp\/v2\/posts\/57\/revisions\/60"}],"wp:featuredmedia":[{"embeddable":true,"href":"https:\/\/valtertuzlanski.ba\/index.php\/wp-json\/wp\/v2\/media\/59"}],"wp:attachment":[{"href":"https:\/\/valtertuzlanski.ba\/index.php\/wp-json\/wp\/v2\/media?parent=57"}],"wp:term":[{"taxonomy":"category","embeddable":true,"href":"https:\/\/valtertuzlanski.ba\/index.php\/wp-json\/wp\/v2\/categories?post=57"},{"taxonomy":"post_tag","embeddable":true,"href":"https:\/\/valtertuzlanski.ba\/index.php\/wp-json\/wp\/v2\/tags?post=57"}],"curies":[{"name":"wp","href":"https:\/\/api.w.org\/{rel}","templated":true}]}}